{"id":1697,"date":"2021-03-15T13:37:22","date_gmt":"2021-03-15T12:37:22","guid":{"rendered":"https:\/\/izzato.com\/?p=1697"},"modified":"2023-11-09T10:34:55","modified_gmt":"2023-11-09T10:34:55","slug":"redes-sociais","status":"publish","type":"post","link":"https:\/\/izzato.com\/en\/redes-sociais\/","title":{"rendered":"Redes Sociais"},"content":{"rendered":"<h1 class=\"wp-block-heading\"><strong>Redes Sociais, o nosso dia-a-dia<\/strong><\/h1>\n\n\n\n<p>Redes Sociais s\u00e3o o meio atrav\u00e9s do qual uma marca pode estar no lugar certo e na hora exata para conseguir converter um&nbsp;<em>lead<\/em>&nbsp;num cliente. Mas isto apenas \u00e9 poss\u00edvel quando a gest\u00e3o das redes sociais \u00e9 decisiva para aumentar o alcance da marca no mundo digital, o que influencia as referidas e esperadas convers\u00f5es.<\/p>\n\n\n\n<h2 class=\"wp-block-heading\"><strong>O que s\u00e3o redes sociais?<\/strong><\/h2>\n\n\n\n<p>As redes sociais s\u00e3o&nbsp;<strong>plataformas online<\/strong>&nbsp;que permitem \u00e0s pessoas relacionarem-se. Este relacionamento pode ser atrav\u00e9s de:<\/p>\n\n\n\n<ul class=\"wp-block-list\">\n<li>Partilha de fotos, v\u00eddeos, textos e m\u00fasicas;<\/li>\n\n\n\n<li>Trocar informa\u00e7\u00f5es;<\/li>\n\n\n\n<li>Enviar mensagens;<\/li>\n\n\n\n<li>Partilhar publica\u00e7\u00f5es com as quais se identificam;<\/li>\n\n\n\n<li>Partilhar ideias e interesses com outras pessoas;<\/li>\n\n\n\n<li>Entre muitas outras possibilidades.<\/li>\n<\/ul>\n\n\n\n<p>Assim, \u00e9 um meio que apresenta liberdade de express\u00e3o e permite a intera\u00e7\u00e3o entre pessoas de diferentes nacionalidades, classes sociais, religi\u00f5es, interesses pol\u00edticos e ambientais, entre outros.<\/p>\n\n\n\n<p>\u00c9 desta forma que, com o passar do tempo, as redes sociais se tornaram um canal ideal de marketing para as marcas, sendo poss\u00edvel a sua comunica\u00e7\u00e3o, como tamb\u00e9m a dos seus produtos e\/ou servi\u00e7os. Mas tamb\u00e9m a comunica\u00e7\u00e3o e divulga\u00e7\u00e3o de campanhas de marketing, promo\u00e7\u00f5es e a cultura interna. A consequ\u00eancia desta a\u00e7\u00e3o planeada \u00e9 o crescimento do alcance da marca no mercado, o fortalecimento da rela\u00e7\u00e3o entre a marca e os clientes e a respetiva notoriedade e&nbsp;<em>brand awareness<\/em>. Para tal, as marcas devem estar presentes em diversos canais de comunica\u00e7\u00e3o.<\/p>\n\n\n\n<h2 class=\"wp-block-heading\"><strong>Quais s\u00e3o as redes sociais que existem?<\/strong><\/h2>\n\n\n\n<p>A verdade \u00e9 que quando se refere redes sociais, as que v\u00eam logo \u00e0 mente das pessoas s\u00e3o o Facebook, o Instagram e o Tik Tok, sendo que existem muitas mais no mercado. As mais comuns, e por anos de lan\u00e7amento, s\u00e3o as seguintes:<\/p>\n\n\n\n<h3 class=\"wp-block-heading\">LinkedIn<\/h3>\n\n\n\n<p>Esta rede social foi criada em 2002 e apresenta, hoje em dia, uma m\u00e9dia de 310 milh\u00f5es de utilizadores ativos por m\u00eas.<\/p>\n\n\n\n<p>A principal caracter\u00edstica \u00e9 o&nbsp;<em>networking<\/em>, ou seja, a intera\u00e7\u00e3o e expans\u00e3o de contactos profissionais, principalmente para neg\u00f3cios B2B.<\/p>\n\n\n\n<h3 class=\"wp-block-heading\">Facebook<\/h3>\n\n\n\n<p>Esta rede social foi criada em 2004 e apresenta, hoje em dia, uma m\u00e9dia de 2,5 bili\u00f5es de utilizadores ativos mensais no mundo. Apenas para ter uma ideia, isto representa cerca de 32,5% da popula\u00e7\u00e3o global.<\/p>\n\n\n\n<p>A principal caracter\u00edstica \u00e9 a intera\u00e7\u00e3o social entre as pessoas e a expans\u00e3o de contactos.<\/p>\n\n\n\n<h3 class=\"wp-block-heading\">YouTube<\/h3>\n\n\n\n<p>Esta rede social foi criada em 2005 e apresenta, hoje em dia, uma m\u00e9dia de 2 bili\u00f5es de utilizadores ativos por m\u00eas.<\/p>\n\n\n\n<p>A principal caracter\u00edstica \u00e9 a partilha de v\u00eddeos, sendo considerado o segundo maior motor de busca.<\/p>\n\n\n\n<h3 class=\"wp-block-heading\">Twitter<\/h3>\n\n\n\n<p>Esta rede social foi criada em 2006 e apresenta, hoje em dia, uma m\u00e9dia de 330 milh\u00f5es de utilizadores ativos por m\u00eas.<\/p>\n\n\n\n<p>A principal caracter\u00edstica \u00e9 a partilha de pequenas atualiza\u00e7\u00f5es e publica\u00e7\u00f5es, chamadas de \u201c<em>tweets<\/em>\u201d.<\/p>\n\n\n\n<h3 class=\"wp-block-heading\">Whatsapp<\/h3>\n\n\n\n<p>Esta rede social foi criada em 2009 e apresenta, hoje em dia, uma m\u00e9dia de 1,6 bili\u00f5es de utilizadores ativos por m\u00eas.<\/p>\n\n\n\n<p>A principal caracter\u00edstica \u00e9 o envio de mensagens instant\u00e2neas e chamadas de voz.<\/p>\n\n\n\n<h3 class=\"wp-block-heading\">Pinterest<\/h3>\n\n\n\n<p>Esta rede social foi criada em 2010 e apresenta, hoje em dia, uma m\u00e9dia de 300 milh\u00f5es de utilizadores ativos por m\u00eas.<\/p>\n\n\n\n<p>A principal caracter\u00edstica \u00e9 a partilha de conte\u00fado visual, principalmente para \u00e1reas como artesanato, culin\u00e1ria, moda e fitness.<\/p>\n\n\n\n<h3 class=\"wp-block-heading\">Instagram<\/h3>\n\n\n\n<p>Esta rede social foi criada em 2010 e apresenta, hoje em dia, uma m\u00e9dia de 1 bili\u00e3o de utilizadores ativos por m\u00eas.<\/p>\n\n\n\n<p>A principal caracter\u00edstica \u00e9 a partilha de fotos e v\u00eddeos, que conta com recursos como&nbsp;<em>Stories<\/em>&nbsp;e IGTV.<\/p>\n\n\n\n<h3 class=\"wp-block-heading\">WeChat<\/h3>\n\n\n\n<p>Esta rede social foi criada em 2011 e apresenta, hoje em dia, uma m\u00e9dia de 1,1 bili\u00e3o de utilizadores ativos por m\u00eas.<\/p>\n\n\n\n<p>A principal caracter\u00edstica \u00e9 o envio de mensagens instant\u00e2neas.<\/p>\n\n\n\n<h3 class=\"wp-block-heading\">Snapchat<\/h3>\n\n\n\n<p>Esta rede social foi criada em 2011 e apresenta, hoje em dia, uma m\u00e9dia de 314 milh\u00f5es de utilizadores ativos por m\u00eas.<\/p>\n\n\n\n<p>A principal caracter\u00edstica \u00e9 a partilha de imagens ou v\u00eddeos curtos, podendo cada um ter no m\u00e1ximo 10 segundos.<\/p>\n\n\n\n<h3 class=\"wp-block-heading\">Facebook Messenger<\/h3>\n\n\n\n<p>Esta rede social foi criada em 2011 e apresenta, hoje em dia, uma m\u00e9dia de 1,4 bili\u00f5es de utilizadores ativos por m\u00eas.<\/p>\n\n\n\n<p>A principal caracter\u00edstica \u00e9 o envio de mensagens instant\u00e2neas.<\/p>\n\n\n\n<h3 class=\"wp-block-heading\">TikTok<\/h3>\n\n\n\n<p>Esta rede social foi criada em 2016 e apresenta, hoje em dia, uma m\u00e9dia de 500 milh\u00f5es de utilizadores ativos por m\u00eas.<\/p>\n\n\n\n<p>A principal caracter\u00edstica \u00e9 a partilha de v\u00eddeos curtos.<\/p>\n\n\n\n<pre class=\"wp-block-preformatted\">&nbsp;<\/pre>\n\n\n\n<h2 class=\"wp-block-heading\"><strong>Mas quais s\u00e3o as redes sociais em que deve estar presente?<\/strong><\/h2>\n\n\n\n<p>Ora bem, a resposta \u00e9 talvez em todas, ou nenhuma, ou apenas numa.<\/p>\n\n\n\n<p>A verdade \u00e9 que n\u00e3o existe uma resposta objetiva para a pergunta, pois cada marca \u00e9 \u00fanica. Por isso, o primeiro passo \u00e9 definir o p\u00fablico-alvo da marca, depois descobrir as redes sociais onde estar presente.<\/p>\n\n\n\n<p>Com essa informa\u00e7\u00e3o, pode escolher as redes sociais onde deve marcar a sua presen\u00e7a online. Para isso, \u00e9 necess\u00e1rio desenvolver uma estrat\u00e9gia e modo de atua\u00e7\u00e3o, de acordo com os objetivos da marca e as caracter\u00edsticas do p\u00fablico-alvo e da pr\u00f3pria rede social. Por exemplo, o Instagram e o Pinterest s\u00e3o plataformas mais voltadas para os conte\u00fados visuais e informais. Enquanto que o YouTube \u00e9 uma plataforma de v\u00eddeo e o LinkedIn \u00e9 mais profissional. Logo, a estrat\u00e9gia deve ter em conta as especificidades de cada rede social para que a marca consiga alcan\u00e7ar da forma pretendida o seu p\u00fablico-alvo.<\/p>\n\n\n\n<p>Assim, para quem tem dificuldades em perceber onde est\u00e1 o p\u00fablico-alvo e qual o melhor modo de atua\u00e7\u00e3o, o conselho \u00e9 testar e analisar os resultados para que consiga perceber quais as redes sociais que apresentam um maior retorno para a marca.<\/p>\n\n\n\n<h2 class=\"wp-block-heading\"><strong>Mas para que servem as redes sociais?<\/strong><\/h2>\n\n\n\n<p>O objetivo das redes sociais \u00e9 conectar e aproximar as pessoas. Por isso, t\u00eam um papel muito importante na sociedade, sendo muitas vezes tamb\u00e9m decisivo, o que revela por um lado vantagens e por outro desvantagens.<\/p>\n\n\n\n<p>Dentro das vantagens para as marcas, destacam-se as seguintes:<\/p>\n\n\n\n<ul class=\"wp-block-list\">\n<li>Fomentar o&nbsp;<em>branding<\/em>&nbsp;de forma a construir uma marca forte e de confian\u00e7a para o p\u00fablico<\/li>\n\n\n\n<li>Permite a comunica\u00e7\u00e3o em massa<\/li>\n\n\n\n<li>Segmenta\u00e7\u00e3o do p\u00fablico, de acordo com dados demogr\u00e1ficos, interesses e demais informa\u00e7\u00f5es relevantes para a campanha<\/li>\n\n\n\n<li>Informa\u00e7\u00e3o em tempo real<\/li>\n\n\n\n<li>Intera\u00e7\u00e3o direta com o p\u00fablico-alvo, aproximando as pessoas<\/li>\n\n\n\n<li>Possibilidade de vendas<\/li>\n\n\n\n<li>Facilidade na organiza\u00e7\u00e3o de eventos e comunica\u00e7\u00e3o dos respetivos detalhes, como por exemplo o evento de lan\u00e7amento de um produto<\/li>\n\n\n\n<li>Monitorizar os resultados<\/li>\n<\/ul>\n\n\n\n<p>Em contrapartida, nas desvantagens, destacam-se as seguintes:<\/p>\n\n\n\n<ul class=\"wp-block-list\">\n<li>Divulga\u00e7\u00e3o de&nbsp;<em>fake news<\/em>&nbsp;que causam pol\u00e9micas desnecess\u00e1rias<\/li>\n\n\n\n<li>Privacidade comprometida devido \u00e0 exposi\u00e7\u00e3o de dados pessoais<\/li>\n\n\n\n<li>Estado de depend\u00eancia das redes sociais, desenvolvendo em alguns casos dist\u00farbios, como ansiedade<\/li>\n<\/ul>\n\n\n\n<p>Em suma, as redes sociais est\u00e3o por todo o lado e fazem parte do dia-a-dia das pessoas. As marcas devem tirar o m\u00e1ximo proveito desta realidade de forma a conseguirem angariar e comunicar com potenciais clientes.<\/p>\n\n\n\n<p>Artigo de&nbsp;<a href=\"https:\/\/green.pt\/\">Green \/ Publiminho<\/a><\/p>","protected":false},"excerpt":{"rendered":"<p>Redes Sociais s\u00e3o o meio atrav\u00e9s do qual uma marca pode estar no lugar certo e na hora exata para conseguir converter um lead num cliente. Mas isto apenas \u00e9 poss\u00edvel quando a gest\u00e3o das redes sociais \u00e9 decisiva para aumentar o alcance da marca no mundo digital, o que influencia as referidas e esperadas convers\u00f5es.<\/p>","protected":false},"author":1,"featured_media":5858,"comment_status":"open","ping_status":"open","sticky":false,"template":"","format":"standard","meta":{"_monsterinsights_skip_tracking":false,"_monsterinsights_sitenote_active":false,"_monsterinsights_sitenote_note":"","_monsterinsights_sitenote_category":0,"footnotes":""},"categories":[40,32,42],"tags":[],"class_list":["post-1697","post","type-post","status-publish","format-standard","has-post-thumbnail","hentry","category-comunication","category-marketing","category-tecnologia","single-item"],"aioseo_notices":[],"_links":{"self":[{"href":"https:\/\/izzato.com\/en\/wp-json\/wp\/v2\/posts\/1697","targetHints":{"allow":["GET"]}}],"collection":[{"href":"https:\/\/izzato.com\/en\/wp-json\/wp\/v2\/posts"}],"about":[{"href":"https:\/\/izzato.com\/en\/wp-json\/wp\/v2\/types\/post"}],"author":[{"embeddable":true,"href":"https:\/\/izzato.com\/en\/wp-json\/wp\/v2\/users\/1"}],"replies":[{"embeddable":true,"href":"https:\/\/izzato.com\/en\/wp-json\/wp\/v2\/comments?post=1697"}],"version-history":[{"count":0,"href":"https:\/\/izzato.com\/en\/wp-json\/wp\/v2\/posts\/1697\/revisions"}],"wp:featuredmedia":[{"embeddable":true,"href":"https:\/\/izzato.com\/en\/wp-json\/wp\/v2\/media\/5858"}],"wp:attachment":[{"href":"https:\/\/izzato.com\/en\/wp-json\/wp\/v2\/media?parent=1697"}],"wp:term":[{"taxonomy":"category","embeddable":true,"href":"https:\/\/izzato.com\/en\/wp-json\/wp\/v2\/categories?post=1697"},{"taxonomy":"post_tag","embeddable":true,"href":"https:\/\/izzato.com\/en\/wp-json\/wp\/v2\/tags?post=1697"}],"curies":[{"name":"wp","href":"https:\/\/api.w.org\/{rel}","templated":true}]}}